{"id":593,"date":"2021-05-06T14:43:34","date_gmt":"2021-05-06T14:43:34","guid":{"rendered":"https:\/\/anr-collabora.parisnanterre.fr\/?p=593"},"modified":"2021-05-06T14:47:36","modified_gmt":"2021-05-06T14:47:36","slug":"plateformes-contributives-culturelles-une-nouvelle-forme-de-collection-a-lere-numerique","status":"publish","type":"post","link":"https:\/\/anr-collabora.parisnanterre.fr\/index.php\/2021\/05\/06\/plateformes-contributives-culturelles-une-nouvelle-forme-de-collection-a-lere-numerique\/","title":{"rendered":"Plateformes contributives culturelles. Une nouvelle forme de collection \u00e0 l\u2019\u00e8re num\u00e9rique"},"content":{"rendered":"\n<p><strong>Communication donn\u00e9es lors du colloque du CTHS, 4-7 mai 2021<\/strong><\/p>\n\n\n\n<p>Marta Severo, Dicen-IDF et Benjamin Barbier, Dicen-IDF<\/p>\n\n\n\n<p>Ces derni\u00e8res ann\u00e9es, le d\u00e9veloppement des technologies num\u00e9riques a donn\u00e9 un nouvel essor \u00e0 la figure de l\u2019amateur. Le web, d\u2019abord avec les blogs et ensuite avec les r\u00e9seaux sociaux et les plateformes contributives, a offert de nouveaux espaces dans lesquels le passionn\u00e9 peut trouver un terrain ouvert o\u00f9 il peut s\u2019exprimer et obtenir une reconnaissance aux c\u00f4t\u00e9s de l\u2019expert officiellement charg\u00e9 de la construction de la connaissance. Cette communication vise \u00e0 approfondir le cas des \u00ab plateformes contributives culturelles \u00bb, c\u2019est-\u00e0-dire tout dispositif num\u00e9rique qui permet \u00e0 des amateurs, ou plus g\u00e9n\u00e9ralement \u00e0 des citoyens, de contribuer \u00e0 la construction de savoirs li\u00e9s \u00e0 des objets culturels en interaction avec une institution culturelle (archives, biblioth\u00e8ques, mus\u00e9es, th\u00e9\u00e2tres, etc.). Ces plateformes peuvent \u00eatre interpr\u00e9t\u00e9es en tant que collections virtuelles \u00ab&nbsp;multi-espace&nbsp;\u00bb, \u00e0 cheval entre sites institutionnels et m\u00e9dias sociaux, qui agr\u00e8gent diff\u00e9rents types d\u2019objets (photos, audio, etc.) et qui f\u00e9d\u00e8rent diff\u00e9rents acteurs (professionnels, b\u00e9n\u00e9voles, associatifs, etc.). Le cas des communaut\u00e9s de g\u00e9n\u00e9alogistes sera approfondi.&nbsp;<\/p>\n","protected":false},"excerpt":{"rendered":"<p>Communication donn\u00e9es lors du colloque du CTHS, 4-7 mai 2021 Marta Severo, Dicen-IDF et Benjamin Barbier, Dicen-IDF Ces derni\u00e8res ann\u00e9es, le d\u00e9veloppement des technologies num\u00e9riques a donn\u00e9 un nouvel essor \u00e0 la figure de l\u2019amateur. Le web, d\u2019abord avec les blogs et ensuite avec les r\u00e9seaux sociaux et les plateformes contributives, a offert de nouveaux [&hellip;]<\/p>\n","protected":false},"author":4,"featured_media":0,"comment_status":"closed","ping_status":"closed","sticky":false,"template":"","format":"standard","meta":[],"categories":[25,9],"tags":[],"_links":{"self":[{"href":"https:\/\/anr-collabora.parisnanterre.fr\/index.php\/wp-json\/wp\/v2\/posts\/593"}],"collection":[{"href":"https:\/\/anr-collabora.parisnanterre.fr\/index.php\/wp-json\/wp\/v2\/posts"}],"about":[{"href":"https:\/\/anr-collabora.parisnanterre.fr\/index.php\/wp-json\/wp\/v2\/types\/post"}],"author":[{"embeddable":true,"href":"https:\/\/anr-collabora.parisnanterre.fr\/index.php\/wp-json\/wp\/v2\/users\/4"}],"replies":[{"embeddable":true,"href":"https:\/\/anr-collabora.parisnanterre.fr\/index.php\/wp-json\/wp\/v2\/comments?post=593"}],"version-history":[{"count":1,"href":"https:\/\/anr-collabora.parisnanterre.fr\/index.php\/wp-json\/wp\/v2\/posts\/593\/revisions"}],"predecessor-version":[{"id":594,"href":"https:\/\/anr-collabora.parisnanterre.fr\/index.php\/wp-json\/wp\/v2\/posts\/593\/revisions\/594"}],"wp:attachment":[{"href":"https:\/\/anr-collabora.parisnanterre.fr\/index.php\/wp-json\/wp\/v2\/media?parent=593"}],"wp:term":[{"taxonomy":"category","embeddable":true,"href":"https:\/\/anr-collabora.parisnanterre.fr\/index.php\/wp-json\/wp\/v2\/categories?post=593"},{"taxonomy":"post_tag","embeddable":true,"href":"https:\/\/anr-collabora.parisnanterre.fr\/index.php\/wp-json\/wp\/v2\/tags?post=593"}],"curies":[{"name":"wp","href":"https:\/\/api.w.org\/{rel}","templated":true}]}}