{"id":175,"date":"2019-10-27T06:10:32","date_gmt":"2019-10-27T06:10:32","guid":{"rendered":"https:\/\/anr-collabora.parisnanterre.fr\/?p=175"},"modified":"2019-10-27T06:10:32","modified_gmt":"2019-10-27T06:10:32","slug":"culture-et-recherche-participative-latelier-du-turfu-festival","status":"publish","type":"post","link":"https:\/\/anr-collabora.parisnanterre.fr\/index.php\/2019\/10\/27\/culture-et-recherche-participative-latelier-du-turfu-festival\/","title":{"rendered":"Culture et recherche participative : l\u2019Atelier du TURFU Festival"},"content":{"rendered":"\n<p>Con\u00e7u comme un\nlaboratoire vivant de co-cr\u00e9ation, le <a href=\"https:\/\/turfu-festival.fr\">TURFU Festival<\/a> a eu lieu du 14 au 20 octobre 2019 au\nsein de la ville de Caen avec le but de promouvoir une approche collaborative \u00e0\nla recherche et \u00e0 l\u2019innovation.\nEn partenariat avec le projet <a href=\"https:\/\/www.participarc.net\/\">Particip-Arc<\/a>, le Festival a propos\u00e9 un <a href=\"https:\/\/turfu-festival.fr\/ateliers\/culture-et-recherche-participative\/\">Atelier de recherche culturelle\nparticipative<\/a>\nreparti sur deux jours. La premi\u00e8re journ\u00e9e \u00e9tait consacr\u00e9e au recueil des\nid\u00e9es de volontaires citoyens pr\u00e9c\u00e9dent la deuxi\u00e8me journ\u00e9e durant laquelle des\nprofessionnels et des chercheurs ont r\u00e9pondu pr\u00e9sents. L\u2019\u00e9quipe\nde l\u2019ANR COLLABORA a particip\u00e9 aux travaux de deux journ\u00e9es. <\/p>\n\n\n\n<h3>L\u2019atelier pour les citoyens <\/h3>\n\n\n\n<p>La premi\u00e8re \u00e9tape de l\u2019Atelier \u00ab\u00a0Culture et recherche participative\u00a0: En 2030, la d\u00e9mocratie participative sera culturelle ? \u00bb s\u2019est d\u00e9roul\u00e9e pendant l\u2019apr\u00e8s-midi du 15 octobre. Une quarantaine de volontaires citoyens se sont r\u00e9unis dans les salles du Pavillon de Caen participant \u00e0 l\u2019exp\u00e9rimentation des nouveaux modes de production de connaissance. L\u2019intervenant Erwan Dagorne du cabinet Missions Publiques a anim\u00e9 la s\u00e9ance, \u00e0 l\u2019aide d\u2019un groupe d\u2019\u00e9tudiants de Sciences Po Rennes faisant office de mod\u00e9rateurs des discussions. <\/p>\n\n\n\n<p>Les profils\ndes volontaires citoyens comprenaient des journalistes, des adultes et une\ngrande majorit\u00e9 d\u2019\u00e9tudiants dans les diff\u00e9rents domaines des arts et des\npolitiques culturelles et notamment du Master Concertation de Sciences Po\nRennes (1\/4 de l\u2019\u00e9chantillon). La quasi-totalit\u00e9 des participants \u00e9tait de\nprovenance locale, venant de la ville de Caen. Une partie de l\u2019\u00e9quipe de l\u2019ANR COLLABORA \u00e9tait \u00e9galement pr\u00e9sente avec\nl\u2019objectif de r\u00e9aliser une observation participante. <\/p>\n\n\n\n<p>Dispos\u00e9s par\ngroupes sur quatre tables diff\u00e9rentes, les participants ont \u00e9t\u00e9 guid\u00e9s \u00e0 la\ndiscussion par quatre exercices successifs : l\u2019association \u00e0 des images de\nsentiments individuels de confiance, de m\u00e9fiance ou d\u2019espoir concernant le\npanorama culturel d\u2019aujourd\u2019hui a pr\u00e9par\u00e9 le terrain pour un effort de\nprojection dans une utopie culturelle du futur &#8211; \u00ab&nbsp;Imaginez qu\u2019en 2035 vos\npratiques culturelles vous apportent beaucoup plus qu\u2019aujourd\u2019hui \u00bb -, effort\nindividuel d\u2019abord et collectif ensuite, r\u00e9sultant de deux heures de\ndiscussions mod\u00e9r\u00e9es au sein de chaque groupe. Ces visions d\u2019un avenir d\u00e9sir\u00e9\ndans le domaine de la culture ont \u00e9t\u00e9, finalement, d\u00e9crites et partag\u00e9es avec\nl\u2019ensemble des participants donnant vie \u00e0 une derni\u00e8re phase de r\u00e9flexions.<\/p>\n\n\n\n<p>Les visions de\ngroupe r\u00e9sultant de ces exercices \u00e9taient essentiellement homog\u00e8nes et\ng\u00e9n\u00e9riques, au del\u00e0 des quelques exemples pratiques. L\u2019accent a \u00e9t\u00e9 mis, par la\nplupart, sur des demandes d\u2019accessibilit\u00e9 majeure \u00e0 la culture, de gratuit\u00e9, de\nd\u00e9centralisation, d\u2019inclusivit\u00e9 majeure, sur des tendances technophobes\nsouhaitant la d\u00e9connexion, le retour \u00e0 la Nature, une p\u00e9n\u00e9tration majeure de la\nNature dans la Culture et dans la vie quotidienne, pour aboutir au\nd\u00e9veloppement des dimensions collectives et communicatives.<\/p>\n\n\n\n<h3>L\u2019atelier pour les professionnels<strong><em> <\/em><\/strong><\/h3>\n\n\n\n<p>La deuxi\u00e8me journ\u00e9e\n\u00e9tait d\u00e9di\u00e9e au monde profesionnel. Les acteurs pr\u00e9sents \u00e0 l\u2019atelier venaient\nde diff\u00e9rentes institutions et secteurs d\u2019activit\u00e9s : Minist\u00e8re de la Culture,\nUniverscience, des chercheurs issus du monde scientifique, des institutions culturelles\nlocales, des repr\u00e9sentants de la DRAC, etc.<\/p>\n\n\n\n<p>La matin\u00e9e \u00e9tait\ndestin\u00e9e \u00e0 mettre en perspective les besoins en commun exprim\u00e9s dans les\nvisions \u00e9voqu\u00e9es lors de la premi\u00e8re journ\u00e9e. Pour ce qui est de l\u2019apr\u00e8s-midi, il s\u2019agissait de d\u00e9finir\nun programme de recherche en lien avec les visions des citoyens, et de\nr\u00e9fl\u00e9chir aux diff\u00e9rents besoins manquant aujourd\u2019hui en lien avec ces visions\ndu futur dans le secteur culturel. Des interrogations ont pu \u00e9merger : quelles\nrecherches peuvent \u00eatre mises en \u0153uvre pour r\u00e9pondre \u00e0 ces besoins ? Des\nquestions de d\u00e9mocratisation culturelle, d\u2019accessibilit\u00e9, de genre, de\nconfiance avec les publics de la culture ont \u00e9t\u00e9 avanc\u00e9es.<\/p>\n\n\n\n<p>L\u2019atelier s\u2019est termin\u00e9 sur l\u2019expos\u00e9 des diff\u00e9rents enjeux et manques en lien avec les visions des participants de la journ\u00e9e pr\u00e9c\u00e9dente et en proposant des projets et des programmes qui n\u2019existaient pas. L\u2019angle des pr\u00e9sentations mettait en perspective les questions suivantes\u00a0: Comment r\u00e9pondre \u00e0 aux manques issus des concertations de volontaires ? Quelles propositions peuvent \u00eatre faites en termes de programmes culturels et d\u2019innovation ? Comment transmettre et d\u00e9centraliser la culture avec des micro-programmes ? Des pistes d\u2019exp\u00e9rimentations ont \u00e9t\u00e9 propos\u00e9es en fin d\u2019atelier avec des propositions de projets comme le d\u00e9veloppement de grandes enqu\u00eates sur des longues p\u00e9riodes pour conna\u00eetre l\u2019efficacit\u00e9 des politiques culturelles, de plateformes de partage et de diffusion de la connaissance \u00e0 destination des citoyens et de nouveaux espaces d\u00e9di\u00e9s \u00e0 la culture.<\/p>\n\n\n\n<p><em>Irene De Togni et Benjamin Lorre <\/em><\/p>\n","protected":false},"excerpt":{"rendered":"<p>Con\u00e7u comme un laboratoire vivant de co-cr\u00e9ation, le TURFU Festival a eu lieu du 14 au 20 octobre 2019 au sein de la ville de Caen avec le but de promouvoir une approche collaborative \u00e0 la recherche et \u00e0 l\u2019innovation. En partenariat avec le projet Particip-Arc, le Festival a propos\u00e9 un Atelier de recherche culturelle [&hellip;]<\/p>\n","protected":false},"author":1,"featured_media":0,"comment_status":"closed","ping_status":"closed","sticky":false,"template":"","format":"standard","meta":[],"categories":[5],"tags":[],"_links":{"self":[{"href":"https:\/\/anr-collabora.parisnanterre.fr\/index.php\/wp-json\/wp\/v2\/posts\/175"}],"collection":[{"href":"https:\/\/anr-collabora.parisnanterre.fr\/index.php\/wp-json\/wp\/v2\/posts"}],"about":[{"href":"https:\/\/anr-collabora.parisnanterre.fr\/index.php\/wp-json\/wp\/v2\/types\/post"}],"author":[{"embeddable":true,"href":"https:\/\/anr-collabora.parisnanterre.fr\/index.php\/wp-json\/wp\/v2\/users\/1"}],"replies":[{"embeddable":true,"href":"https:\/\/anr-collabora.parisnanterre.fr\/index.php\/wp-json\/wp\/v2\/comments?post=175"}],"version-history":[{"count":1,"href":"https:\/\/anr-collabora.parisnanterre.fr\/index.php\/wp-json\/wp\/v2\/posts\/175\/revisions"}],"predecessor-version":[{"id":176,"href":"https:\/\/anr-collabora.parisnanterre.fr\/index.php\/wp-json\/wp\/v2\/posts\/175\/revisions\/176"}],"wp:attachment":[{"href":"https:\/\/anr-collabora.parisnanterre.fr\/index.php\/wp-json\/wp\/v2\/media?parent=175"}],"wp:term":[{"taxonomy":"category","embeddable":true,"href":"https:\/\/anr-collabora.parisnanterre.fr\/index.php\/wp-json\/wp\/v2\/categories?post=175"},{"taxonomy":"post_tag","embeddable":true,"href":"https:\/\/anr-collabora.parisnanterre.fr\/index.php\/wp-json\/wp\/v2\/tags?post=175"}],"curies":[{"name":"wp","href":"https:\/\/api.w.org\/{rel}","templated":true}]}}