{"id":165,"date":"2019-10-03T08:39:46","date_gmt":"2019-10-03T08:39:46","guid":{"rendered":"https:\/\/anr-collabora.parisnanterre.fr\/?p=165"},"modified":"2020-05-10T14:33:37","modified_gmt":"2020-05-10T14:33:37","slug":"atelier-participatif-contribuer-a-linventaire-national-du-patrimoine-culturel-immateriel","status":"publish","type":"post","link":"https:\/\/anr-collabora.parisnanterre.fr\/index.php\/2019\/10\/03\/atelier-participatif-contribuer-a-linventaire-national-du-patrimoine-culturel-immateriel\/","title":{"rendered":"Atelier participatif :  Contribuer \u00e0 l&rsquo;inventaire national du patrimoine culturel immat\u00e9riel"},"content":{"rendered":"\n<p>L&rsquo;\u00e9quipe de l&rsquo;ANR COLLABORA a anim\u00e9 un atelier participatif le 4 octobre 2019 dans le cadre des journ\u00e9es professionnelles \u00ab\u00a0Contribuer \u00e0 l&rsquo;inventaire national du patrimoine culturel immat\u00e9riel\u00a0\u00bb organis\u00e9es par la Maison des Cultures du Monde et par le Minist\u00e8re de la Culture.<\/p>\n\n\n\n<p>L&rsquo;Atelier portera sur le projet <a href=\"https:\/\/fr.wikipedia.org\/wiki\/Inventaire_du_patrimoine_culturel_immat%C3%A9riel_en_France\">Wikip\u00e9dia : Inventaire du Patrimoine Culturel Immat\u00e9riel en France <\/a><\/p>\n\n\n\n<h2>Programme<\/h2>\n\n\n\n<p><strong>Jeudi 3 octobre<\/strong><\/p>\n\n\n\n<ul><li>09h30-10h00 : Accueil, caf\u00e9<\/li><li>10h00-10h15 :&nbsp;<strong>Ouverture<\/strong><strong>&nbsp;<\/strong><strong>Pierre M\u00e9haignerie<\/strong>, Maire de Vitr\u00e9, et&nbsp;<strong>Introduction<\/strong><strong>&nbsp;<\/strong><strong>Isabelle Chave<\/strong>, adjointe au chef du d\u00e9partement du Pilotage de la recherche et la politique scientifique du minist\u00e8re de la Culture, et&nbsp;<strong>S\u00e9verine Cachat<\/strong>, directrice de la Maison des Cultures du Monde, Centre fran\u00e7ais du patrimoine culturel immat\u00e9riel.<\/li><li>10h15 :&nbsp;<strong>M\u00e9thodologie de terrain et protocoles d\u2019inventaire<\/strong><\/li><\/ul>\n\n\n\n<p><strong><br><\/strong>&#8211;&nbsp;<em>Savoir-faire de l\u2019\u00e9mail sur m\u00e9tal<\/em>&nbsp;:&nbsp;<strong>Alexandra de Liniers<\/strong>&nbsp;et&nbsp;<strong>S\u00e9verine Cachat<\/strong>, Maison des Cultures du Monde \u2013 CFPCI \/ Syndicat Professionnel des \u00c9mailleurs Fran\u00e7ais (SPEF) <br>&#8211;&nbsp;<em>Un diagnostic pr\u00e9alable \u00e0 l\u2019inventaire \u00e0 l\u2019\u00e9chelle de la Guadeloupe<\/em>&nbsp;:&nbsp;<strong>Simone Tortoriello<\/strong>, association \u00cele du Monde<br>&#8211;&nbsp;<em>Pratiques gastronomiques et culinaires li\u00e9es aux associations des Sites Remarquables du Go\u00fbt (SRG)<\/em>&nbsp;:&nbsp;<strong>Catherine Virassamy<\/strong>, F\u00e9d\u00e9ration Nationale des Sites Remarquables du go\u00fbt (FNSRG)<br>&#8211;&nbsp;<em>Savoir-faire du Cognac&nbsp;<\/em>:&nbsp;<strong>Anne-Laure Jouannet<\/strong>, association Les Savoir-faire du cognac<\/p>\n\n\n\n<ul><li>14h30-17h00 :&nbsp;<strong>Table ronde.<\/strong><strong>&nbsp;L<\/strong><strong>es appels \u00e0 projets en cours, questionnements crois\u00e9s des contributeurs<\/strong><\/li><\/ul>\n\n\n\n<p>&#8211;&nbsp;<strong>Berdoux R\u00e9mi<\/strong>, Centre Interr\u00e9gional de D\u00e9veloppement de l&rsquo;Occitan, Institut Occitan (CIRDOC-InOc)&nbsp;:&nbsp;<em>Les communs pastoraux pyr\u00e9n\u00e9ens<\/em><br>&#8211;&nbsp;<strong>Cambefort Jean-Marie<\/strong>, Confr\u00e9rie du v\u00e9ritable camembert de Normandie et&nbsp;<strong>Augustine Dubois<\/strong>, \u00e9tudiante en Master 2 Alimentation et Cultures alimentaires (Master GAELE, Sorbonne Universit\u00e9)&nbsp;:&nbsp;<em>La culture du camembert traditionnel de Normandie<\/em><br>&#8211;&nbsp;<strong>Crespin C\u00e9cile<\/strong>, Institut d\u2019Etudes Occitanes du Cantal (IEO Cantal)&nbsp;:&nbsp;<em>Les savoir-faire des buronniers du Cantal<\/em><br>&#8211;&nbsp;<strong>Danto Anatole<\/strong>, Association D\u00e9partementale Agr\u00e9\u00e9e de P\u00eacheurs Amateurs Loire-Atlantique (ADAPAEF 44)&nbsp;:&nbsp;<em>Pratiques traditionnelles des p\u00eacheurs aux engins et aux filets de Loire-Atlantique<\/em><br>&#8211;&nbsp;<strong>Leiva Francisco<\/strong>, association Tango en Red&nbsp;:&nbsp;<em>La pratique du tango en France \u00e0 travers les milongas et les festivals<\/em><br>&#8211;&nbsp;<strong>Perault Sylvie<\/strong>, collectif d&rsquo;\u00e9tudes et de recherches pluridisciplinaires corps costumes de sc\u00e8ne et d\u2019\u00e9crans (CERPCOS)&nbsp;:&nbsp;<em>Le geste technique de cr\u00e9ation des costumes de sc\u00e8ne chez les facteurs de masque, les artisans en teintures et patines et les brodeurs<\/em><br>&#8211;&nbsp;<strong>Rieth Anne-Sophie<\/strong>, universit\u00e9 Paris 1 Panth\u00e9on-Sorbonne&nbsp;:&nbsp;<em>La mar\u00e9chalerie traditionnelle de la Garde r\u00e9publicaine&nbsp;; les pratiques de la construction navale vernaculaire<\/em><br>&#8211;&nbsp;<strong>Sapin Marie-Laurence<\/strong>, association Tashkent&nbsp;:&nbsp;<em>Les savoir-faire li\u00e9s aux fibres lib\u00e9riennes en France<\/em><\/p>\n\n\n\n<ul><li>17h00-17h30 :&nbsp;<strong>Visite de la Maison des Cultures du Monde et de l\u2019exposition&nbsp;<a href=\"http:\/\/www.maisondesculturesdumonde.org\/actualite\/femmes-peintres-du-hazaribagh\" target=\"_blank\" rel=\"noreferrer noopener\">Femmes peintres du Hazaribagh<\/a><\/strong><\/li><li>19h00-20h00 :&nbsp;<strong>Visite guid\u00e9e du centre historique de Vitr\u00e9<\/strong><\/li><\/ul>\n\n\n\n<p><strong><br><\/strong><\/p>\n\n\n\n<p><strong>Vendredi 4 octobre<\/strong><\/p>\n\n\n\n<ul><li>09h30 :&nbsp;<strong>Que faire des ressources constitu\u00e9es pour le travail d\u2019inventaire&nbsp;?<\/strong><\/li><\/ul>\n\n\n\n<p>&#8211;&nbsp;<em>F\u00eates hivernales en Pays basque<\/em>&nbsp;:&nbsp;<strong>Terexa Lekumberri<\/strong>, Institut Culturel Basque (ICB)<br>&#8211;&nbsp;<em>Pratiques vivantes li\u00e9es aux expressions du patrimoine oral de Bretagne<\/em>&nbsp;:&nbsp;<strong>Ga\u00ebtan Crespel<\/strong>&nbsp;et&nbsp;<strong>Vincent Morel<\/strong>, association Dastum<br>&#8211;&nbsp;<em>Les pratiques actuelles de la bourr\u00e9e<\/em>&nbsp;:&nbsp;<strong>David de Abreu<\/strong>, Agence des Musiques des Territoires d\u2019Auvergne (AMTA)-&nbsp;<em>Les f\u00eates des bouviers et des laboureurs de la Dr\u00f4me&nbsp;; la pratique traditionnelle et populaire du chant chez les travailleurs de la mer du quartier maritime de F\u00e9camp<\/em> : <strong>Boisseleau Philippe<\/strong>, F\u00e9d\u00e9ration des Festivals et F\u00eates de France&nbsp;et Office du Patrimoine Culturel Immat\u00e9riel (OPCI)<br>&#8211;&nbsp;<em>Les danses rituelles de Mayotte (mbiwi, chigoma, maulida)<\/em>&nbsp;:&nbsp;<strong>Elena Bertuzzi<\/strong>, Master Ethnomusicologie et Anthropologie de la Danse (EMAD) Universit\u00e9 Paris Ouest Paris La D\u00e9fense, association Les Pi\u00e9mont\u00e9s<br><\/p>\n\n\n\n<ul><li>14h00 :&nbsp;<strong>Visualiser et enrichir les donn\u00e9es d\u2019inventaire<\/strong><\/li><\/ul>\n\n\n\n<p>&#8211;&nbsp;<em>Le portail PCI en outre-mer&nbsp;: acc\u00e9der aux donn\u00e9es par la carte<\/em>&nbsp;:&nbsp;<strong>Thomas Mouzard<\/strong>&nbsp;et&nbsp;<strong>Livia Pareja Del Corso<\/strong>, Direction g\u00e9n\u00e9rale des patrimoines,&nbsp;D\u00e9partement du pilotage de la recherche et de la politique scientifique (DPRPS)<br>&#8211;&nbsp;<em>PCI Lab, plateforme de valorisation de l\u2019inventaire<\/em>&nbsp;:&nbsp;<strong>Marie-Tatiana Martin<\/strong>, CIRDOC-InOc.-&nbsp;<em>Contribuer \u00e0 PCI Lab via Wikip\u00e9dia<\/em>&nbsp;:&nbsp;<strong>Marta Severo<\/strong>, Universit\u00e9 Paris Nanterre\/IUF<\/p>\n\n\n\n<ul><li>16h00 :&nbsp;<strong>Cl\u00f4ture des journ\u00e9es<\/strong><\/li><\/ul>\n","protected":false},"excerpt":{"rendered":"<p>L&rsquo;\u00e9quipe de l&rsquo;ANR COLLABORA a anim\u00e9 un atelier participatif le 4 octobre 2019 dans le cadre des journ\u00e9es professionnelles \u00ab\u00a0Contribuer \u00e0 l&rsquo;inventaire national du patrimoine culturel immat\u00e9riel\u00a0\u00bb organis\u00e9es par la Maison des Cultures du Monde et par le Minist\u00e8re de la Culture. L&rsquo;Atelier portera sur le projet Wikip\u00e9dia : Inventaire du Patrimoine Culturel Immat\u00e9riel en [&hellip;]<\/p>\n","protected":false},"author":1,"featured_media":0,"comment_status":"closed","ping_status":"closed","sticky":false,"template":"","format":"standard","meta":[],"categories":[5],"tags":[],"_links":{"self":[{"href":"https:\/\/anr-collabora.parisnanterre.fr\/index.php\/wp-json\/wp\/v2\/posts\/165"}],"collection":[{"href":"https:\/\/anr-collabora.parisnanterre.fr\/index.php\/wp-json\/wp\/v2\/posts"}],"about":[{"href":"https:\/\/anr-collabora.parisnanterre.fr\/index.php\/wp-json\/wp\/v2\/types\/post"}],"author":[{"embeddable":true,"href":"https:\/\/anr-collabora.parisnanterre.fr\/index.php\/wp-json\/wp\/v2\/users\/1"}],"replies":[{"embeddable":true,"href":"https:\/\/anr-collabora.parisnanterre.fr\/index.php\/wp-json\/wp\/v2\/comments?post=165"}],"version-history":[{"count":3,"href":"https:\/\/anr-collabora.parisnanterre.fr\/index.php\/wp-json\/wp\/v2\/posts\/165\/revisions"}],"predecessor-version":[{"id":334,"href":"https:\/\/anr-collabora.parisnanterre.fr\/index.php\/wp-json\/wp\/v2\/posts\/165\/revisions\/334"}],"wp:attachment":[{"href":"https:\/\/anr-collabora.parisnanterre.fr\/index.php\/wp-json\/wp\/v2\/media?parent=165"}],"wp:term":[{"taxonomy":"category","embeddable":true,"href":"https:\/\/anr-collabora.parisnanterre.fr\/index.php\/wp-json\/wp\/v2\/categories?post=165"},{"taxonomy":"post_tag","embeddable":true,"href":"https:\/\/anr-collabora.parisnanterre.fr\/index.php\/wp-json\/wp\/v2\/tags?post=165"}],"curies":[{"name":"wp","href":"https:\/\/api.w.org\/{rel}","templated":true}]}}